{"id":1309,"date":"2019-08-31T19:59:21","date_gmt":"2019-08-31T17:59:21","guid":{"rendered":"http:\/\/polizei-newsletter.de\/wordpress\/?p=1309"},"modified":"2019-08-31T19:59:21","modified_gmt":"2019-08-31T17:59:21","slug":"verfgh-saarland-5-7-2019-geschwindigkeitsmessung-mit-traffistar-s-350-unverwertbar","status":"publish","type":"post","link":"https:\/\/polizei-newsletter.de\/wordpress\/?p=1309","title":{"rendered":"VerfGH Saarland 5.7.2019: Geschwindigkeitsmessung mit TraffiStar S 350 unverwertbar"},"content":{"rendered":"<p>Der VerfGH Saarbr\u00fccken hat entschieden, dass eine Geschwindigkeitsmessung mit einem Ger\u00e4t des Typs TraffiStar S 350 unverwertbar ist, weil die Ger\u00e4te nicht alle Messdaten speichern und daher eine nachtr\u00e4gliche \u00dcberpr\u00fcfung nicht mehr m\u00f6glich ist.<\/p>\n<p>Quelle: <a href=\"https:\/\/www.juris.de\/jportal\/portal\/t\/g09\/page\/homerl.psml?nid=jnachr-JUNA190701715&amp;cmsuri=%2Fjuris%2Fde%2Fnachrichten%2Fzeigenachricht.jsp\" target=\"_blank\" rel=\"noopener noreferrer\">https:\/\/www.juris.de\/jportal\/portal\/t\/g09\/page\/homerl.psml?nid=jnachr-JUNA190701715&amp;cmsuri=%2Fjuris%2Fde%2Fnachrichten%2Fzeigenachricht.jsp<\/a><\/p>\n","protected":false},"excerpt":{"rendered":"<p>Der VerfGH Saarbr\u00fccken hat entschieden, dass eine Geschwindigkeitsmessung mit einem Ger\u00e4t des Typs TraffiStar S 350 unverwertbar ist, weil die Ger\u00e4te nicht alle Messdaten speichern und daher eine nachtr\u00e4gliche \u00dcberpr\u00fcfung nicht mehr m\u00f6glich ist. Quelle: https:\/\/www.juris.de\/jportal\/portal\/t\/g09\/page\/homerl.psml?nid=jnachr-JUNA190701715&amp;cmsuri=%2Fjuris%2Fde%2Fnachrichten%2Fzeigenachricht.jsp<\/p>\n","protected":false},"author":1,"featured_media":0,"comment_status":"closed","ping_status":"closed","sticky":false,"template":"","format":"standard","meta":[],"categories":[1],"tags":[],"_links":{"self":[{"href":"https:\/\/polizei-newsletter.de\/wordpress\/index.php?rest_route=\/wp\/v2\/posts\/1309"}],"collection":[{"href":"https:\/\/polizei-newsletter.de\/wordpress\/index.php?rest_route=\/wp\/v2\/posts"}],"about":[{"href":"https:\/\/polizei-newsletter.de\/wordpress\/index.php?rest_route=\/wp\/v2\/types\/post"}],"author":[{"embeddable":true,"href":"https:\/\/polizei-newsletter.de\/wordpress\/index.php?rest_route=\/wp\/v2\/users\/1"}],"replies":[{"embeddable":true,"href":"https:\/\/polizei-newsletter.de\/wordpress\/index.php?rest_route=%2Fwp%2Fv2%2Fcomments&post=1309"}],"version-history":[{"count":1,"href":"https:\/\/polizei-newsletter.de\/wordpress\/index.php?rest_route=\/wp\/v2\/posts\/1309\/revisions"}],"predecessor-version":[{"id":1310,"href":"https:\/\/polizei-newsletter.de\/wordpress\/index.php?rest_route=\/wp\/v2\/posts\/1309\/revisions\/1310"}],"wp:attachment":[{"href":"https:\/\/polizei-newsletter.de\/wordpress\/index.php?rest_route=%2Fwp%2Fv2%2Fmedia&parent=1309"}],"wp:term":[{"taxonomy":"category","embeddable":true,"href":"https:\/\/polizei-newsletter.de\/wordpress\/index.php?rest_route=%2Fwp%2Fv2%2Fcategories&post=1309"},{"taxonomy":"post_tag","embeddable":true,"href":"https:\/\/polizei-newsletter.de\/wordpress\/index.php?rest_route=%2Fwp%2Fv2%2Ftags&post=1309"}],"curies":[{"name":"wp","href":"https:\/\/api.w.org\/{rel}","templated":true}]}}