{"id":1850,"date":"2022-09-03T10:27:49","date_gmt":"2022-09-03T08:27:49","guid":{"rendered":"https:\/\/polizei-newsletter.de\/wordpress\/?p=1850"},"modified":"2022-09-03T10:27:49","modified_gmt":"2022-09-03T08:27:49","slug":"lutz-meyer-gossner-bertram-schmitt-hrsg-strafprozessordnung-mit-gvg-und-nebengesetzen-rezensiert-von-holger-plank","status":"publish","type":"post","link":"https:\/\/polizei-newsletter.de\/wordpress\/?p=1850","title":{"rendered":"Lutz Meyer-Go\u00dfner, Bertram Schmitt (Hrsg.): Strafprozessordnung mit GVG und Nebengesetzen. Rezensiert von Holger Plank"},"content":{"rendered":"<p><strong>Meyer-Go\u00dfner<\/strong><strong>, Lutz<\/strong><strong> \/ Schmitt, Bertram<a href=\"#_ftn1\" name=\"_ftnref1\">[1]<\/a> (Hrsg.): Strafprozessordnung mit GVG und Nebengesetzen<a href=\"#_ftn2\" name=\"_ftnref2\">[2]. <\/a><\/strong>ISBN: 978-3-406-78383-9, 2758 Seiten, C. H. Beck, M\u00fcnchen, 65. Auflage 2022, 105.- \u20ac.<\/p>\n<p>Der von Otto <a href=\"https:\/\/de.wikipedia.org\/wiki\/Otto_Schwarz_(Jurist)\">Schwarz<\/a> (bis zur 22. Auflage) begr\u00fcndete, in dessen Nachfolge von Theodor <a href=\"https:\/\/www.bundesarchiv.de\/cocoon\/barch\/0101\/z\/z1960a\/kap1_11\/para2_93.html\">Kleinknecht<\/a>, Karlheinz <a href=\"https:\/\/www.degruyter.com\/document\/doi\/10.1515\/9783110906318-002\/html\">Meyer<\/a>, bis zur 60. Auflage 2017 von <a href=\"https:\/\/www.uni-marburg.de\/de\/fb01\/professuren\/strafrecht\/honorarprofessoren\/prof-dr-lutz-meyer-gossner\/vita\">Lutz Meyer-Go\u00dfner<\/a> und seither von Bertram Schmitt (Fn. 1) unter Mitarbeit von Marcus K\u00f6hler<a href=\"#_ftn3\" name=\"_ftnref3\">[3]<\/a> in der 65. Auflage <img loading=\"lazy\" class=\"size-full wp-image-1851 alignright\" src=\"http:\/\/polizei-newsletter.de\/wordpress\/wp-content\/uploads\/2022\/09\/Bild1.jpg\" alt=\"\" width=\"136\" height=\"195\" srcset=\"https:\/\/polizei-newsletter.de\/wordpress\/wp-content\/uploads\/2022\/09\/Bild1.jpg 136w, https:\/\/polizei-newsletter.de\/wordpress\/wp-content\/uploads\/2022\/09\/Bild1-105x150.jpg 105w\" sizes=\"(max-width: 136px) 100vw, 136px\" \/>herausgegebene \u201eKurzkommentar\u201c zur Strafprozessordnung erscheint als Band 6 in der Reihe <a href=\"https:\/\/www.beck-shop.de\/reihen\/becksche-kurz-kommentare\/20\">Beck`sche Kurzkommentare<\/a> des C. H. Beck Verlags. Der Kommentar umfasst Gesetzgebung, Rechtsprechung und Schrifttum auf dem Stand M\u00e4rz 2022. Die wesentlichen, seit der 64. Auflage aufgenommenen und umf\u00e4nglich kommentierten legislativen \u00c4nderungen sind:<!--more--><\/p>\n<ul>\n<li>Das \u201eGesetz zur Bek\u00e4mpfung sexualisierter Gewalt gegen Kinder\u201c (BGBl. I <a href=\"https:\/\/www.bgbl.de\/xaver\/bgbl\/start.xav?start=\/\/*%5b@attr_id=%27bgbl121s1810.pdf%27%5d#__bgbl__%2F%2F*%5B%40attr_id%3D%27bgbl121s1810.pdf%27%5D__1662189356977\"> 33<\/a>, S. 1810 vom 16.06.2021),<\/li>\n<li>das \u201eTelekomunikationsmodernisierungsgesetz\u201c; das \u201eGesetz zur Rege\u00adlung des Datenschutzes und des Schutzes der Privatsph\u00e4re in der Tele\u00adkommunikation und der Telemedien\u201c (BGBl. I <a href=\"https:\/\/www.bgbl.de\/xaver\/bgbl\/start.xav#__bgbl__%2F%2F*%5B%40attr_id%3D%27I_2021_35_inhaltsverz%27%5D__1662189519884\"> 35<\/a>, S. 1858, 1982 vom 23.06.2021),<\/li>\n<li>das umfangreiche \u201eGesetz zur Fortentwicklung der StPO und zur \u00c4nderung weiterer Vorschriften\u201c (BGBl. I <a href=\"https:\/\/www.bgbl.de\/xaver\/bgbl\/start.xav?startbk=Bundesanzeiger_BGBl&amp;start=\/\/*%5B@attr_id=%27bgbl121s2099.pdf%27%5D#__bgbl__%2F%2F*%5B%40attr_id%3D%27bgbl121s2099.pdf%27%5D__1662189628283\"> 37<\/a>, S. 2099 vom 25.06.2021),<\/li>\n<li>das \u201eGesetz zur \u00c4nderung des StGB \u2013 Strafbarkeit des Betreibens krimineller Plattformen im Internet\u201c (BGBl. I <a href=\"https:\/\/www.bgbl.de\/xaver\/bgbl\/start.xav?startbk=Bundesanzeiger_BGBl&amp;start=\/\/*%5b@attr_id=%27bgbl121s3544.pdf%27%5d#__bgbl__%2F%2F*%5B%40attr_id%3D%27bgbl121s3544.pdf%27%5D__1662189771749\"> 54<\/a>, S. 3544 vom 12.08.2021),<\/li>\n<li>das \u201eGesetz zur \u00c4nderung des StGB \u2013 Verbesserung des strafrechtlichen Schutzes gegen sog. Feindeslisten, Strafbarkeit der Verbreitung und des Besitzes von Anleitungen zu sexuellem Missbrauch von Kindern und Verbesserung der Bek\u00e4mpfung verhetzender Inhalte sowie Bek\u00e4mpfung von Propagandamitteln und Kennzeichen verfassungswidriger und terroristischer Organisationen\u201c (BGBl. I <a href=\"https:\/\/www.bgbl.de\/xaver\/bgbl\/start.xav?startbk=Bundesanzeiger_BGBl&amp;start=\/\/*%5B@attr_id=%27bgbl121s4250.pdf%27%5D#__bgbl__%2F%2F*%5B%40attr_id%3D%27bgbl121s4250.pdf%27%5D__1662189884039\"> 66<\/a>, S. 4250 vom 21.09.2021) und \u2013 last but not least &#8211;<\/li>\n<li>das \u201eGesetz zur Herstellung materieller Gerechtigkeit \u2013 Erweiterung der Wiederaufnahmem\u00f6glichkeiten zuungusten des Verurteilten\u201c (BGBl. I, <a href=\"https:\/\/www.bgbl.de\/xaver\/bgbl\/start.xav?startbk=Bundesanzeiger_BGBl&amp;start=\/\/*%5b@attr_id=%27bgbl121s5252.pdf%27%5d#__bgbl__%2F%2F*%5B%40attr_id%3D%27bgbl121s5252.pdf%27%5D__1662190116471\"> 86<\/a>, S. 5252 vom 05.10.2021).<\/li>\n<\/ul>\n<p>Besonderes Augenmerk legen die beiden Kommentatoren auf die legislativen \u00c4n\u00adderungen iZm dem dritten und letzten Aufz\u00e4hlungszeichen. Gegen die Er\u00adweiterung der Wiederaufnahmem\u00f6glichkeiten zuungunsten des Verurteilten gem. \u00a7 362 Nr. 5 der StPO war im \u00dcbrigen bereits am 14. Juli 2022 ein Eilantrag zum BVerfG teilweise erfolgreich (<a href=\"https:\/\/www.bundesverfassungsgericht.de\/SharedDocs\/Pressemitteilungen\/DE\/2022\/bvg22-062.html\">2 BvR 900\/22<\/a>), der Untersuchungshaftbefehl gegen den Tatverd\u00e4chtigen im Fall Frederike <a href=\"https:\/\/www.focus.de\/regional\/niedersachsen\/kriminalitaet-ungesuehnter-mord-beschaeftigt-richter-in-lueneburg_id_4813191.html\">von M\u00f6hlmann<\/a> (1981) wurde au\u00dfer Vollzug gesetzt. In der Hauptsache ist noch nicht entschieden. In der Entscheidungsvorschau des BVerfG f\u00fcr das Jahr 2022 ist bislang kein Verweis enthalten. Auch die seit der Vorg\u00e4ngerauflage aufgenommenen vielf\u00e4ltige aktuelle Rechtsprechung mit umfangreichen Verweisen auf die hierzu erschienene Fachliteratur l\u00e4sst f\u00fcr den Rechtsanwender kaum eine Frage offen.<\/p>\n<p>Die j\u00e4hrliche Neuauflage des Meyer-Go\u00dfner \/ Schmitt ausf\u00fchrlich besprechen oder gar w\u00fcrdigen zu wollen, hie\u00dfe \u201eEulen nach Athen zu tragen\u201c. Nicht umsonst fehlt der Kommentar in keiner fachanwaltlichen Kanzlei, keinem Sitzungssaal, keiner Fachbibliothek und er ist in nahezu allen Bundesl\u00e4ndern zur Zweiten Juristischen Staatspr\u00fcfung zugelassen. Es d\u00fcrfte sich um den meistgenutzten Kommentar zur StPO handeln. Aus gutem Grund, er bietet eine fundierte und \u2013 wo erforderlich \u2013 auch hinreichend tiefe Orientierung zu den allermeisten relevanten Problemstellungen und bietet zudem die Verweise auf die hierzu ergangenen Entscheidungen \/ zur in diesem Kontext lesenswerten Literatur \/ weitergehenden Kommentierung. So bleibt der Blick auf die jeweils herrschende Meinung klar, ohne kritische Untert\u00f6ne hierzu zu vernachl\u00e4ssigen. Ich kenne keine kritische Besprechung des Werkes, vielmehr kumulieren die Superlative in der Besprechungsliteratur. Man darf sich also guten Gewissens der hM der Kom\u00admentierungen, gekennzeichnet durch die Pr\u00e4dikate \u201eGoldstandard\u201c bzw. \u201eMa\u00df\u00adstab und Referenz f\u00fcr alle Verfahrensbeteiligten\u201c<a href=\"#_ftn4\" name=\"_ftnref4\">[4]<\/a>, anschlie\u00dfen.<\/p>\n<p>Insofern stimmt &#8211; trotz des Umstandes, dass der Kommentar in der Neuauflage erstmals die 100-Euro-Marke rei\u00dft &#8211; auch weiterhin das Preis-Leistungs-Ver\u00adh\u00e4ltnis.<\/p>\n<p>Holger Plank (im September 2022)<\/p>\n<p><a href=\"#_ftnref1\" name=\"_ftn1\">[1]<\/a> Prof. Dr. iur. Bertram <a href=\"https:\/\/www.jura.uni-wuerzburg.de\/professoren\/honorarprofessoren\/schmitt\/\">Schmitt<\/a>, Mitglied des 2. Strafsenats des BGH (seit 2015 wg. seiner Berufung als <a href=\"https:\/\/www.icc-cpi.int\/judges\/judges-who-s-who\">Richter am Internationalen Strafgerichtshof<\/a> in Den Haag beurlaubt), seit April 2000 Honorar\u00adprofessur an der Universit\u00e4t W\u00fcrzburg (Strafrecht, Strafprozessrecht und Kriminologie).<\/p>\n<p><a href=\"#_ftnref2\" name=\"_ftn2\">[2]<\/a> Siehe <a href=\"https:\/\/www.beck-shop.de\/meyer-gossner-schmitt-strafprozessordnung-stpo\/product\/33314935?gclid=EAIaIQobChMIx73oj_73-QIVSZnVCh2yEQrWEAAYASAAEgIzcvD_BwE\">Verlags-Website<\/a> von C. H. Beck; <a href=\"https:\/\/beckassets.blob.core.windows.net\/product\/inhaltsverzeichnis\/33314935\/inhaltsverzeichnis-meyer-gossner-schmitt-strafprozessordnung-stpo-9783406783838.pdf\">Inhaltsverzeichnis<\/a> und <a href=\"https:\/\/beckassets.blob.core.windows.net\/product\/sachverzeichnis\/33314935\/sachverzeichnis-meyer-gossner-schmitt-strafprozessordnung-stpo-9783406783838.pdf\">Sachverzeichnis<\/a> des Werks.<\/p>\n<p><a href=\"#_ftnref3\" name=\"_ftn3\">[3]<\/a> Seit <a href=\"https:\/\/rsw.beck.de\/aktuell\/daily\/meldung\/detail\/marcus-koehler-neuer-richter-am-bundesgerichtshof\">2018<\/a> Mitglied des 5. Strafsenats des BGH.<\/p>\n<p><a href=\"#_ftnref4\" name=\"_ftn4\">[4]<\/a> Juralit, 13.05.2022<\/p>\n","protected":false},"excerpt":{"rendered":"<p>Meyer-Go\u00dfner, Lutz \/ Schmitt, Bertram[1] (Hrsg.): Strafprozessordnung mit GVG und Nebengesetzen[2]. ISBN: 978-3-406-78383-9, 2758 Seiten, C. H. Beck, M\u00fcnchen, 65. Auflage 2022, 105.- \u20ac. Der von Otto Schwarz (bis zur 22. Auflage) begr\u00fcndete, in dessen Nachfolge von Theodor Kleinknecht, Karlheinz Meyer, bis zur 60. Auflage 2017 von Lutz Meyer-Go\u00dfner und seither von Bertram Schmitt (Fn. &hellip; <a href=\"https:\/\/polizei-newsletter.de\/wordpress\/?p=1850\" class=\"more-link\">Continue reading <span class=\"screen-reader-text\">Lutz Meyer-Go\u00dfner, Bertram Schmitt (Hrsg.): Strafprozessordnung mit GVG und Nebengesetzen. Rezensiert von Holger Plank<\/span> <span class=\"meta-nav\">&uarr;<\/span><\/a><\/p>\n","protected":false},"author":2,"featured_media":0,"comment_status":"closed","ping_status":"closed","sticky":false,"template":"","format":"standard","meta":[],"categories":[1],"tags":[],"_links":{"self":[{"href":"https:\/\/polizei-newsletter.de\/wordpress\/index.php?rest_route=\/wp\/v2\/posts\/1850"}],"collection":[{"href":"https:\/\/polizei-newsletter.de\/wordpress\/index.php?rest_route=\/wp\/v2\/posts"}],"about":[{"href":"https:\/\/polizei-newsletter.de\/wordpress\/index.php?rest_route=\/wp\/v2\/types\/post"}],"author":[{"embeddable":true,"href":"https:\/\/polizei-newsletter.de\/wordpress\/index.php?rest_route=\/wp\/v2\/users\/2"}],"replies":[{"embeddable":true,"href":"https:\/\/polizei-newsletter.de\/wordpress\/index.php?rest_route=%2Fwp%2Fv2%2Fcomments&post=1850"}],"version-history":[{"count":3,"href":"https:\/\/polizei-newsletter.de\/wordpress\/index.php?rest_route=\/wp\/v2\/posts\/1850\/revisions"}],"predecessor-version":[{"id":1854,"href":"https:\/\/polizei-newsletter.de\/wordpress\/index.php?rest_route=\/wp\/v2\/posts\/1850\/revisions\/1854"}],"wp:attachment":[{"href":"https:\/\/polizei-newsletter.de\/wordpress\/index.php?rest_route=%2Fwp%2Fv2%2Fmedia&parent=1850"}],"wp:term":[{"taxonomy":"category","embeddable":true,"href":"https:\/\/polizei-newsletter.de\/wordpress\/index.php?rest_route=%2Fwp%2Fv2%2Fcategories&post=1850"},{"taxonomy":"post_tag","embeddable":true,"href":"https:\/\/polizei-newsletter.de\/wordpress\/index.php?rest_route=%2Fwp%2Fv2%2Ftags&post=1850"}],"curies":[{"name":"wp","href":"https:\/\/api.w.org\/{rel}","templated":true}]}}