{"id":208,"date":"2015-11-09T12:45:19","date_gmt":"2015-11-09T11:45:19","guid":{"rendered":"http:\/\/polizei-newsletter.de\/wordpress\/?p=208"},"modified":"2015-11-09T12:45:19","modified_gmt":"2015-11-09T11:45:19","slug":"neoliberale-gesellschaftssysteme-kriminalpraeventiv-nicht-ueberlegen","status":"publish","type":"post","link":"https:\/\/polizei-newsletter.de\/wordpress\/?p=208","title":{"rendered":"Neoliberale Gesellschaftssysteme kriminalpr\u00e4ventiv nicht \u00fcberlegen"},"content":{"rendered":"<p>Unter dem Titel \u201eSoziales Klima, Sanktionspraxis und Kriminalit\u00e4tsvolumen \u2013 ein Nationenvergleich\u201c untersucht Karl-Ludwig Kunz die Frage, ob es einen Zusammenhang zwischen Sozialklima, Gefangenenrate und Kriminalit\u00e4t gibt. Er kommt zu dem Ergebnis, dass neoliberale Gesellschaftssysteme mit harter Sanktionspraxis sich nicht als kriminalpr\u00e4ventiv \u00fcberlegen erweisen. Quelle: Schweizerische Zeitschrift f\u00fcr Kriminologie 2, 2015, S. 18 ff.<\/p>\n","protected":false},"excerpt":{"rendered":"<p>Unter dem Titel \u201eSoziales Klima, Sanktionspraxis und Kriminalit\u00e4tsvolumen \u2013 ein Nationenvergleich\u201c untersucht Karl-Ludwig Kunz die Frage, ob es einen Zusammenhang zwischen Sozialklima, Gefangenenrate und Kriminalit\u00e4t gibt. Er kommt zu dem Ergebnis, dass neoliberale Gesellschaftssysteme mit harter Sanktionspraxis sich nicht als kriminalpr\u00e4ventiv \u00fcberlegen erweisen. Quelle: Schweizerische Zeitschrift f\u00fcr Kriminologie 2, 2015, S. 18 ff.<\/p>\n","protected":false},"author":1,"featured_media":0,"comment_status":"closed","ping_status":"open","sticky":false,"template":"","format":"standard","meta":[],"categories":[1],"tags":[],"_links":{"self":[{"href":"https:\/\/polizei-newsletter.de\/wordpress\/index.php?rest_route=\/wp\/v2\/posts\/208"}],"collection":[{"href":"https:\/\/polizei-newsletter.de\/wordpress\/index.php?rest_route=\/wp\/v2\/posts"}],"about":[{"href":"https:\/\/polizei-newsletter.de\/wordpress\/index.php?rest_route=\/wp\/v2\/types\/post"}],"author":[{"embeddable":true,"href":"https:\/\/polizei-newsletter.de\/wordpress\/index.php?rest_route=\/wp\/v2\/users\/1"}],"replies":[{"embeddable":true,"href":"https:\/\/polizei-newsletter.de\/wordpress\/index.php?rest_route=%2Fwp%2Fv2%2Fcomments&post=208"}],"version-history":[{"count":1,"href":"https:\/\/polizei-newsletter.de\/wordpress\/index.php?rest_route=\/wp\/v2\/posts\/208\/revisions"}],"predecessor-version":[{"id":209,"href":"https:\/\/polizei-newsletter.de\/wordpress\/index.php?rest_route=\/wp\/v2\/posts\/208\/revisions\/209"}],"wp:attachment":[{"href":"https:\/\/polizei-newsletter.de\/wordpress\/index.php?rest_route=%2Fwp%2Fv2%2Fmedia&parent=208"}],"wp:term":[{"taxonomy":"category","embeddable":true,"href":"https:\/\/polizei-newsletter.de\/wordpress\/index.php?rest_route=%2Fwp%2Fv2%2Fcategories&post=208"},{"taxonomy":"post_tag","embeddable":true,"href":"https:\/\/polizei-newsletter.de\/wordpress\/index.php?rest_route=%2Fwp%2Fv2%2Ftags&post=208"}],"curies":[{"name":"wp","href":"https:\/\/api.w.org\/{rel}","templated":true}]}}