{"id":212,"date":"2015-11-09T12:46:15","date_gmt":"2015-11-09T11:46:15","guid":{"rendered":"http:\/\/polizei-newsletter.de\/wordpress\/?p=212"},"modified":"2015-11-09T12:46:15","modified_gmt":"2015-11-09T11:46:15","slug":"rechts-motivierte-mehrfach-und-intensivtaeter-auch-aus-unauffaelligen-familienumfeldern","status":"publish","type":"post","link":"https:\/\/polizei-newsletter.de\/wordpress\/?p=212","title":{"rendered":"Rechts motivierte Mehrfach- und Intensivt\u00e4ter auch aus unauff\u00e4lligen Familienumfeldern"},"content":{"rendered":"<p>Die Taten und Opfer von rechten Mehrfachauff\u00e4lligen und Intensivt\u00e4tern untersuchte das Hannah-Arendt-Institut zwischen 2001 und 2011. Demnach entstammten rechte T\u00e4ter keinesfalls nur strukturell zerr\u00fctteten oder problematischen, sondern vielmehr h\u00e4ufig unauff\u00e4lligen Familien. Die Taten zeugen von einer starken Verinnerlichung rechter Denkfiguren und ihrer gewaltt\u00e4tigen Verhaltensskripten, so dass es aus der Sicht des T\u00e4ters zum Tatzeitpunkt keiner weiteren Legitimierung, sondern nur noch eines weiteren Opfers bedurfte. Die Ergebnisse finden sich ausf\u00fchrlich in den Heften 6\/2015 (S. 377-384) und 7\/2015 (S. 427-433) der Kriminalistik.<\/p>\n","protected":false},"excerpt":{"rendered":"<p>Die Taten und Opfer von rechten Mehrfachauff\u00e4lligen und Intensivt\u00e4tern untersuchte das Hannah-Arendt-Institut zwischen 2001 und 2011. Demnach entstammten rechte T\u00e4ter keinesfalls nur strukturell zerr\u00fctteten oder problematischen, sondern vielmehr h\u00e4ufig unauff\u00e4lligen Familien. Die Taten zeugen von einer starken Verinnerlichung rechter Denkfiguren und ihrer gewaltt\u00e4tigen Verhaltensskripten, so dass es aus der Sicht des T\u00e4ters zum Tatzeitpunkt keiner &hellip; <a href=\"https:\/\/polizei-newsletter.de\/wordpress\/?p=212\" class=\"more-link\">Continue reading <span class=\"screen-reader-text\">Rechts motivierte Mehrfach- und Intensivt\u00e4ter auch aus unauff\u00e4lligen Familienumfeldern<\/span> <span class=\"meta-nav\">&uarr;<\/span><\/a><\/p>\n","protected":false},"author":1,"featured_media":0,"comment_status":"closed","ping_status":"open","sticky":false,"template":"","format":"standard","meta":[],"categories":[1],"tags":[],"_links":{"self":[{"href":"https:\/\/polizei-newsletter.de\/wordpress\/index.php?rest_route=\/wp\/v2\/posts\/212"}],"collection":[{"href":"https:\/\/polizei-newsletter.de\/wordpress\/index.php?rest_route=\/wp\/v2\/posts"}],"about":[{"href":"https:\/\/polizei-newsletter.de\/wordpress\/index.php?rest_route=\/wp\/v2\/types\/post"}],"author":[{"embeddable":true,"href":"https:\/\/polizei-newsletter.de\/wordpress\/index.php?rest_route=\/wp\/v2\/users\/1"}],"replies":[{"embeddable":true,"href":"https:\/\/polizei-newsletter.de\/wordpress\/index.php?rest_route=%2Fwp%2Fv2%2Fcomments&post=212"}],"version-history":[{"count":1,"href":"https:\/\/polizei-newsletter.de\/wordpress\/index.php?rest_route=\/wp\/v2\/posts\/212\/revisions"}],"predecessor-version":[{"id":213,"href":"https:\/\/polizei-newsletter.de\/wordpress\/index.php?rest_route=\/wp\/v2\/posts\/212\/revisions\/213"}],"wp:attachment":[{"href":"https:\/\/polizei-newsletter.de\/wordpress\/index.php?rest_route=%2Fwp%2Fv2%2Fmedia&parent=212"}],"wp:term":[{"taxonomy":"category","embeddable":true,"href":"https:\/\/polizei-newsletter.de\/wordpress\/index.php?rest_route=%2Fwp%2Fv2%2Fcategories&post=212"},{"taxonomy":"post_tag","embeddable":true,"href":"https:\/\/polizei-newsletter.de\/wordpress\/index.php?rest_route=%2Fwp%2Fv2%2Ftags&post=212"}],"curies":[{"name":"wp","href":"https:\/\/api.w.org\/{rel}","templated":true}]}}